{"id":141,"date":"2016-03-08T08:39:06","date_gmt":"2016-03-08T07:39:06","guid":{"rendered":"http:\/\/people.unil.ch\/arnaudbuchs\/?p=141"},"modified":"2017-09-19T17:28:40","modified_gmt":"2017-09-19T15:28:40","slug":"mallarme-et-la-musique","status":"publish","type":"post","link":"https:\/\/people.unil.ch\/arnaudbuchs\/2016\/03\/mallarme-et-la-musique\/","title":{"rendered":"Mallarm\u00e9 et la musique"},"content":{"rendered":"<p style=\"text-align: justify\">Cet article est le fruit d&rsquo;une r\u00e9flexion partag\u00e9e lors de deux journ\u00e9es d&rsquo;\u00e9tude, la premi\u00e8re organis\u00e9e en octobre 2013 \u00e0 Berne par Xavier Dayer et prolong\u00e9e en mars 2015 \u00e0 Rennes par Antoine Bonnet et Pierre-Henry Frangne, autour de Mallarm\u00e9 et la musique.<\/p>\n<p>Dans cet article, intitul\u00e9 \u00ab\u00a0Une pens\u00e9e du langage\u00a0\u00bb, je montre comment la musique &#8211; en particulier celle de Wagner &#8211; aide Mallarm\u00e9 \u00e0 r\u00e9fl\u00e9chir \u00e0 sa propre activit\u00e9 po\u00e9tique et l&rsquo;oblige finalement \u00e0 remettre en question son esth\u00e9tique.<\/p>\n<p>Publi\u00e9 dans Antoine Bonnet et Pierre-Henry Frangne (dir.), <a href=\"https:\/\/www.pur-editions.fr\/detail.php?idOuv=4061\" target=\"_blank\" rel=\"noopener\"><em>Mallarm\u00e9 et la musique, la musique et Mallarm\u00e9. L&rsquo;\u00e9criture, l&rsquo;orchestre, la sc\u00e8ne, la voix<\/em><\/a>, Rennes, Presses Universitaires de Rennes, coll. Aesthetica, 2016, p.48-58.<\/p>\n","protected":false},"excerpt":{"rendered":"<p>Cet article est le fruit d&rsquo;une r\u00e9flexion partag\u00e9e lors de deux journ\u00e9es d&rsquo;\u00e9tude, la premi\u00e8re organis\u00e9e en octobre 2013 \u00e0 Berne par Xavier Dayer et prolong\u00e9e en mars 2015 \u00e0 Rennes par Antoine Bonnet et Pierre-Henry Frangne, autour de Mallarm\u00e9 et la musique. Dans cet article, intitul\u00e9 \u00ab\u00a0Une pens\u00e9e du langage\u00a0\u00bb, je montre comment la &hellip; <\/p>\n<p class=\"link-more\"><a href=\"https:\/\/people.unil.ch\/arnaudbuchs\/2016\/03\/mallarme-et-la-musique\/\" class=\"more-link\">Continuer la lecture<span class=\"screen-reader-text\"> de &laquo;&nbsp;Mallarm\u00e9 et la musique&nbsp;&raquo;<\/span><\/a><\/p>\n","protected":false},"author":1001005,"featured_media":0,"comment_status":"closed","ping_status":"closed","sticky":false,"template":"","format":"standard","meta":{"_seopress_robots_primary_cat":"","_seopress_titles_title":"","_seopress_titles_desc":"","_seopress_robots_index":"","footnotes":""},"categories":[5,3,6,7],"tags":[],"class_list":{"0":"post-141","1":"post","2":"type-post","3":"status-publish","4":"format-standard","6":"category-colloque","7":"category-dernieres-parutions","8":"category-esthetique","9":"category-poesie"},"_links":{"self":[{"href":"https:\/\/people.unil.ch\/arnaudbuchs\/wp-json\/wp\/v2\/posts\/141","targetHints":{"allow":["GET"]}}],"collection":[{"href":"https:\/\/people.unil.ch\/arnaudbuchs\/wp-json\/wp\/v2\/posts"}],"about":[{"href":"https:\/\/people.unil.ch\/arnaudbuchs\/wp-json\/wp\/v2\/types\/post"}],"author":[{"embeddable":true,"href":"https:\/\/people.unil.ch\/arnaudbuchs\/wp-json\/wp\/v2\/users\/1001005"}],"replies":[{"embeddable":true,"href":"https:\/\/people.unil.ch\/arnaudbuchs\/wp-json\/wp\/v2\/comments?post=141"}],"version-history":[{"count":0,"href":"https:\/\/people.unil.ch\/arnaudbuchs\/wp-json\/wp\/v2\/posts\/141\/revisions"}],"wp:attachment":[{"href":"https:\/\/people.unil.ch\/arnaudbuchs\/wp-json\/wp\/v2\/media?parent=141"}],"wp:term":[{"taxonomy":"category","embeddable":true,"href":"https:\/\/people.unil.ch\/arnaudbuchs\/wp-json\/wp\/v2\/categories?post=141"},{"taxonomy":"post_tag","embeddable":true,"href":"https:\/\/people.unil.ch\/arnaudbuchs\/wp-json\/wp\/v2\/tags?post=141"}],"curies":[{"name":"wp","href":"https:\/\/api.w.org\/{rel}","templated":true}]}}