{"id":161,"date":"2017-01-10T08:31:27","date_gmt":"2017-01-10T07:31:27","guid":{"rendered":"http:\/\/people.unil.ch\/arnaudbuchs\/?p=161"},"modified":"2017-09-19T17:23:26","modified_gmt":"2017-09-19T15:23:26","slug":"une-ecriture-pour-la-vie-hommage-a-jean-claude-pinson","status":"publish","type":"post","link":"https:\/\/people.unil.ch\/arnaudbuchs\/2017\/01\/une-ecriture-pour-la-vie-hommage-a-jean-claude-pinson\/","title":{"rendered":"Une \u00e9criture pour la vie (hommage \u00e0 Jean-Claude Pinson)"},"content":{"rendered":"<p>La revue <em>Nu(e) <\/em>a consacr\u00e9 fin 2016 un num\u00e9ro sp\u00e9cial \u00e0 Jean-Claude Pinson (no 61, coordonn\u00e9 par Lise Michel). Les essais sur la po\u00e9sie (notamment contemporaine), sur la <em>po\u00e9thique<\/em>, ainsi que les po\u00e8mes de Pinson sont mis \u00e0 l&rsquo;honneur par une quinzaine d&rsquo;articles, agr\u00e9ment\u00e9s de nombreux in\u00e9dits du po\u00e8te.<\/p>\n<p>Ma contribution,\u00a0 \u00ab\u00a0Une \u00e9criture pour la vie\u00a0\u00bb, rend bri\u00e8vement hommage et \u00e0 l&rsquo;homme et \u00e0 l&rsquo;\u0153uvre, pour ce qu&rsquo;ils ont d&rsquo;exemplaire \u00e0 mes yeux.<\/p>\n<p>Publi\u00e9 dans Lise Michel (dir.), <em>Jean-Claude Pinson<\/em>, <a href=\"https:\/\/www.revue-nue.org\/\" target=\"_blank\" rel=\"noopener\">revue <em>Nu(e)<\/em><\/a> no61, Nice, octobre 2016, p.91-94.<\/p>\n<p>&nbsp;<\/p>\n","protected":false},"excerpt":{"rendered":"<p>La revue Nu(e) a consacr\u00e9 fin 2016 un num\u00e9ro sp\u00e9cial \u00e0 Jean-Claude Pinson (no 61, coordonn\u00e9 par Lise Michel). Les essais sur la po\u00e9sie (notamment contemporaine), sur la po\u00e9thique, ainsi que les po\u00e8mes de Pinson sont mis \u00e0 l&rsquo;honneur par une quinzaine d&rsquo;articles, agr\u00e9ment\u00e9s de nombreux in\u00e9dits du po\u00e8te. Ma contribution,\u00a0 \u00ab\u00a0Une \u00e9criture pour la &hellip; <\/p>\n<p class=\"link-more\"><a href=\"https:\/\/people.unil.ch\/arnaudbuchs\/2017\/01\/une-ecriture-pour-la-vie-hommage-a-jean-claude-pinson\/\" class=\"more-link\">Continuer la lecture<span class=\"screen-reader-text\"> de &laquo;&nbsp;Une \u00e9criture pour la vie (hommage \u00e0 Jean-Claude Pinson)&nbsp;&raquo;<\/span><\/a><\/p>\n","protected":false},"author":1001005,"featured_media":0,"comment_status":"closed","ping_status":"closed","sticky":false,"template":"","format":"standard","meta":{"_seopress_robots_primary_cat":"","_seopress_titles_title":"","_seopress_titles_desc":"","_seopress_robots_index":"","footnotes":""},"categories":[3,11,7],"tags":[],"class_list":{"0":"post-161","1":"post","2":"type-post","3":"status-publish","4":"format-standard","6":"category-dernieres-parutions","7":"category-litterature-contemporaine","8":"category-poesie"},"_links":{"self":[{"href":"https:\/\/people.unil.ch\/arnaudbuchs\/wp-json\/wp\/v2\/posts\/161","targetHints":{"allow":["GET"]}}],"collection":[{"href":"https:\/\/people.unil.ch\/arnaudbuchs\/wp-json\/wp\/v2\/posts"}],"about":[{"href":"https:\/\/people.unil.ch\/arnaudbuchs\/wp-json\/wp\/v2\/types\/post"}],"author":[{"embeddable":true,"href":"https:\/\/people.unil.ch\/arnaudbuchs\/wp-json\/wp\/v2\/users\/1001005"}],"replies":[{"embeddable":true,"href":"https:\/\/people.unil.ch\/arnaudbuchs\/wp-json\/wp\/v2\/comments?post=161"}],"version-history":[{"count":0,"href":"https:\/\/people.unil.ch\/arnaudbuchs\/wp-json\/wp\/v2\/posts\/161\/revisions"}],"wp:attachment":[{"href":"https:\/\/people.unil.ch\/arnaudbuchs\/wp-json\/wp\/v2\/media?parent=161"}],"wp:term":[{"taxonomy":"category","embeddable":true,"href":"https:\/\/people.unil.ch\/arnaudbuchs\/wp-json\/wp\/v2\/categories?post=161"},{"taxonomy":"post_tag","embeddable":true,"href":"https:\/\/people.unil.ch\/arnaudbuchs\/wp-json\/wp\/v2\/tags?post=161"}],"curies":[{"name":"wp","href":"https:\/\/api.w.org\/{rel}","templated":true}]}}