{"id":144,"date":"2021-04-11T14:34:00","date_gmt":"2021-04-11T12:34:00","guid":{"rendered":"http:\/\/people.unil.ch\/jacquelinefrey\/?p=144"},"modified":"2022-11-04T16:16:22","modified_gmt":"2022-11-04T15:16:22","slug":"endnote-onglet-cwyw-introuvable-ou-grise-dans-word-mac","status":"publish","type":"post","link":"https:\/\/people.unil.ch\/jacquelinefrey\/2021\/04\/endnote-onglet-cwyw-introuvable-ou-grise-dans-word-mac\/","title":{"rendered":"EndNote &#8211; Onglet CWYW introuvable ou gris\u00e9 dans Word (Mac)"},"content":{"rendered":"<h4>Contexte<\/h4>\n<p>L&rsquo;onglet d&rsquo;EndNote n&rsquo;appara\u00eet plus dans Word m\u00eame apr\u00e8s l&rsquo;installation d&rsquo;EndNote&#8230; ou alors elle appara\u00eet mais les boutons sont EndNote sont gris\u00e9s.<\/p>\n<h4>Solution : effectuez les proc\u00e9dures ci-dessous dans l&rsquo;ordre<\/h4>\n<h5><strong>1\u00e8re proc\u00e9dure<\/strong><\/h5>\n<ul>\n<li>Quittez Word<\/li>\n<li>Ouvrez EndNote &gt; menu EndNote &gt; Customizer<\/li>\n<li>Cochez la case en face de l&rsquo;option \u00ab\u00a0Cite While You Write\u00a0\u00bb<\/li>\n<li>Cliquez sur le bouton Next jusqu&rsquo;\u00e0 ce que la personnalisation soit termin\u00e9e<\/li>\n<li>Pour tester, ouvrez une biblioth\u00e8que EndNote puis quittez EndNote<\/li>\n<li>Ouvrez Word &gt; menu Word &gt; Preferences&nbsp; &gt; Dossiers par d\u00e9faut &gt; cliquez sur Fichiers de d\u00e9marrage &gt; bouton Modifier<\/li>\n<li>Cliquez sur le fichier EndNote CWYW Word 16.bundle* (m\u00eame s&rsquo;il est gris\u00e9) &gt; validez<\/li>\n<li>Fermez Word<\/li>\n<li>Ouvrez EndNote et ouvrez Word<\/li>\n<\/ul>\n<blockquote><p><em>* <\/em>Le fichier EndNote CWYW Word 16.bundle se trouve normalement dans ce chemin d&rsquo;acc\u00e8s :<br \/>\n\u00ab\u00a0Biblioth\u00e8que &gt; Application Support &gt; Microsoft &gt; Office365 &gt; User Content &gt; Startup &gt; Word\u00a0\u00bb<\/p><\/blockquote>\n<p>Si apr\u00e8s avoir suivi les instructions ci-dessus la barre d&rsquo;outils n&rsquo;appara\u00eet pas ou pose toujours probl\u00e8me&#8230;<\/p>\n<h5><strong>2\u00e8me proc\u00e9dure<\/strong><\/h5>\n<ul>\n<li>Fermez Word et EndNote<\/li>\n<li>Sur le bureau du Mac ouvrez le menu Aller &gt; dossier Applications &gt; EndNote &gt; Cite While You Write<\/li>\n<li>Copiez le fichier EndNote CWYW Word 16.bundle<\/li>\n<li>Allez dans le dossier Biblioth\u00e8que &gt; Application Support &gt; Microsoft &gt; Office365 &gt; User Content &gt; Startup &gt; Word et collez le fichier EndNote CWYW Word 16.bundle<\/li>\n<li>Ouvrez Word &gt; menu Word &gt; Pr\u00e9f\u00e9rences &gt; cliquez sur Dossiers par d\u00e9faut &gt; Fichiers de d\u00e9marrage &gt; bouton Modifier<\/li>\n<li>Choisissez comme emplacement de d\u00e9marrage le dossier dans lequel vous avez copi\u00e9 le fichier EndNote CWYW Word 16.bundle<\/li>\n<li>Cliquez sur le bouton S\u00e9lectionner, validez et quittez Word*<\/li>\n<li>Ouvrez EndNote puis Word<\/li>\n<\/ul>\n<blockquote><p>* Veillez bien \u00e0 quitter le logiciel; fermer la fen\u00eatre du document ne suffit pas.<\/p><\/blockquote>\n","protected":false},"excerpt":{"rendered":"<p>Contexte L&rsquo;onglet d&rsquo;EndNote n&rsquo;appara\u00eet plus dans Word m\u00eame apr\u00e8s l&rsquo;installation d&rsquo;EndNote&#8230; ou alors elle appara\u00eet mais les boutons sont EndNote sont gris\u00e9s. Solution : effectuez les proc\u00e9dures ci-dessous&hellip;<\/p>\n","protected":false},"author":83,"featured_media":3765,"comment_status":"closed","ping_status":"closed","sticky":false,"template":"template-full-width-cover.php","format":"standard","meta":{"_seopress_robots_primary_cat":"","_seopress_titles_title":"","_seopress_titles_desc":"","_seopress_robots_index":"","footnotes":""},"categories":[1,2],"tags":[22,23],"class_list":{"0":"post-144","1":"post","2":"type-post","3":"status-publish","4":"format-standard","5":"has-post-thumbnail","7":"category-endnote","8":"category-word","9":"tag-cwyw","10":"tag-outil"},"_links":{"self":[{"href":"https:\/\/people.unil.ch\/jacquelinefrey\/wp-json\/wp\/v2\/posts\/144","targetHints":{"allow":["GET"]}}],"collection":[{"href":"https:\/\/people.unil.ch\/jacquelinefrey\/wp-json\/wp\/v2\/posts"}],"about":[{"href":"https:\/\/people.unil.ch\/jacquelinefrey\/wp-json\/wp\/v2\/types\/post"}],"author":[{"embeddable":true,"href":"https:\/\/people.unil.ch\/jacquelinefrey\/wp-json\/wp\/v2\/users\/83"}],"replies":[{"embeddable":true,"href":"https:\/\/people.unil.ch\/jacquelinefrey\/wp-json\/wp\/v2\/comments?post=144"}],"version-history":[{"count":0,"href":"https:\/\/people.unil.ch\/jacquelinefrey\/wp-json\/wp\/v2\/posts\/144\/revisions"}],"wp:featuredmedia":[{"embeddable":true,"href":"https:\/\/people.unil.ch\/jacquelinefrey\/wp-json\/wp\/v2\/media\/3765"}],"wp:attachment":[{"href":"https:\/\/people.unil.ch\/jacquelinefrey\/wp-json\/wp\/v2\/media?parent=144"}],"wp:term":[{"taxonomy":"category","embeddable":true,"href":"https:\/\/people.unil.ch\/jacquelinefrey\/wp-json\/wp\/v2\/categories?post=144"},{"taxonomy":"post_tag","embeddable":true,"href":"https:\/\/people.unil.ch\/jacquelinefrey\/wp-json\/wp\/v2\/tags?post=144"}],"curies":[{"name":"wp","href":"https:\/\/api.w.org\/{rel}","templated":true}]}}