{"id":1658,"date":"2016-01-15T09:03:43","date_gmt":"2016-01-15T08:03:43","guid":{"rendered":"http:\/\/people.unil.ch\/jacquelinefrey\/?p=1658"},"modified":"2022-11-21T11:07:16","modified_gmt":"2022-11-21T10:07:16","slug":"filemaker-ouvrir-le-contenu-dune-rubrique-conteneur","status":"publish","type":"post","link":"https:\/\/people.unil.ch\/jacquelinefrey\/2016\/01\/filemaker-ouvrir-le-contenu-dune-rubrique-conteneur\/","title":{"rendered":"FileMaker &#8211; Ouvrir le contenu d&rsquo;une rubrique Conteneur"},"content":{"rendered":"<h4><strong>Contexte<\/strong><\/h4>\n<p>Vous avez cr\u00e9\u00e9 une rubrique Conteneur pr\u00e9vue pour stocker indiff\u00e9remment des PDF ou des images (dans mon exemple, la rubrique s&rsquo;appelle Passeport). En mode Mod\u00e8le, l&rsquo;option de cette rubrique est \u00ab\u00a0optimis\u00e9 pour image\u00a0\u00bb. Dans vos enregistrements, vous ins\u00e9rez les images ou les PDF en utilisant la commande Ins\u00e9rer Fichier (ou via un script). Vous ne visualisez donc que les ic\u00f4nes et le nom des fichiers; c&rsquo;est ce que vous souhaitez car la rubrique est de petite taille. Lors de l&rsquo;insertion, vous avez coch\u00e9 l&rsquo;option \u00ab\u00a0<strong>Stocker uniquement la r\u00e9f\u00e9rence au fichier<\/strong>\u00a0\u00bb afin de ne pas alourdir votre base.<\/p>\n<p>Vous souhaiteriez pouvoir disposer d&rsquo;un bouton permettant de visualiser le fichier de la rubrique Conteneur sans \u00eatre oblig\u00e9 de le t\u00e9l\u00e9charger (autrement dit sans devoir utiliser la commande Exporter le contenu de la rubrique).<\/p>\n<h4><strong>Solution<\/strong><\/h4>\n<ul>\n<li>Cr\u00e9ez un bouton<\/li>\n<li>Associez-lui l&rsquo;action <em>Activer rubrique<\/em> en cochant l&rsquo;option S\u00e9lectionner\/Ex\u00e9cuter<\/li>\n<li>D\u00e9signez la rubrique cible<\/li>\n<\/ul>\n<p><img loading=\"lazy\" decoding=\"async\" class=\"alignnone wp-image-1663 size-full\" src=\"https:\/\/people.unil.ch\/jacquelinefrey\/files\/2016\/01\/activer-rubrique.png\" alt=\"activer rubrique\" width=\"628\" height=\"153\" srcset=\"https:\/\/people.unil.ch\/jacquelinefrey\/files\/2016\/01\/activer-rubrique.png 628w, https:\/\/people.unil.ch\/jacquelinefrey\/files\/2016\/01\/activer-rubrique-300x73.png 300w, https:\/\/people.unil.ch\/jacquelinefrey\/files\/2016\/01\/activer-rubrique-624x152.png 624w\" sizes=\"auto, (max-width: 628px) 100vw, 628px\" \/><\/p>\n","protected":false},"excerpt":{"rendered":"<p>Contexte Vous avez cr\u00e9\u00e9 une rubrique Conteneur pr\u00e9vue pour stocker indiff\u00e9remment des PDF ou des images (dans mon exemple, la rubrique s&rsquo;appelle Passeport). En mode Mod\u00e8le, l&rsquo;option de&hellip;<\/p>\n","protected":false},"author":83,"featured_media":3498,"comment_status":"closed","ping_status":"closed","sticky":false,"template":"template-full-width-cover.php","format":"standard","meta":{"_seopress_robots_primary_cat":"","_seopress_titles_title":"","_seopress_titles_desc":"","_seopress_robots_index":"","footnotes":""},"categories":[5],"tags":[36,10],"class_list":{"0":"post-1658","1":"post","2":"type-post","3":"status-publish","4":"format-standard","5":"has-post-thumbnail","7":"category-filemaker","8":"tag-image","9":"tag-rubrique"},"_links":{"self":[{"href":"https:\/\/people.unil.ch\/jacquelinefrey\/wp-json\/wp\/v2\/posts\/1658","targetHints":{"allow":["GET"]}}],"collection":[{"href":"https:\/\/people.unil.ch\/jacquelinefrey\/wp-json\/wp\/v2\/posts"}],"about":[{"href":"https:\/\/people.unil.ch\/jacquelinefrey\/wp-json\/wp\/v2\/types\/post"}],"author":[{"embeddable":true,"href":"https:\/\/people.unil.ch\/jacquelinefrey\/wp-json\/wp\/v2\/users\/83"}],"replies":[{"embeddable":true,"href":"https:\/\/people.unil.ch\/jacquelinefrey\/wp-json\/wp\/v2\/comments?post=1658"}],"version-history":[{"count":0,"href":"https:\/\/people.unil.ch\/jacquelinefrey\/wp-json\/wp\/v2\/posts\/1658\/revisions"}],"wp:featuredmedia":[{"embeddable":true,"href":"https:\/\/people.unil.ch\/jacquelinefrey\/wp-json\/wp\/v2\/media\/3498"}],"wp:attachment":[{"href":"https:\/\/people.unil.ch\/jacquelinefrey\/wp-json\/wp\/v2\/media?parent=1658"}],"wp:term":[{"taxonomy":"category","embeddable":true,"href":"https:\/\/people.unil.ch\/jacquelinefrey\/wp-json\/wp\/v2\/categories?post=1658"},{"taxonomy":"post_tag","embeddable":true,"href":"https:\/\/people.unil.ch\/jacquelinefrey\/wp-json\/wp\/v2\/tags?post=1658"}],"curies":[{"name":"wp","href":"https:\/\/api.w.org\/{rel}","templated":true}]}}