{"id":202,"date":"2014-04-22T09:13:29","date_gmt":"2014-04-22T07:13:29","guid":{"rendered":"http:\/\/people.unil.ch\/jacquelinefrey\/?p=202"},"modified":"2022-10-21T14:55:47","modified_gmt":"2022-10-21T12:55:47","slug":"endnote-exporter-des-references-dans-excel","status":"publish","type":"post","link":"https:\/\/people.unil.ch\/jacquelinefrey\/2014\/04\/endnote-exporter-des-references-dans-excel\/","title":{"rendered":"EndNote &#8211; Exporter des r\u00e9f\u00e9rences dans Excel"},"content":{"rendered":"<h4>Solution<\/h4>\n<p>Evitez la commande Export du menu Fichier pour r\u00e9aliser cette op\u00e9ration; proc\u00e9dez plus simplement ainsi :<\/p>\n<ul>\n<li>Dans EndNote, appliquez le style Tab Delimited<\/li>\n<li>S\u00e9lectionnez les r\u00e9f\u00e9rences \u00e0 exporter dans Excel<\/li>\n<li>Dans le volet d&rsquo;Aper\u00e7u de la bibliographie, cliquez sur le bouton Copy (lequel fait une copie format\u00e9e)<\/li>\n<li>Ouvrez Excel<\/li>\n<li>Cliquez sur le menu local du bouton Coller &gt; Collage sp\u00e9cial &gt; choisissez Texte ou Texte Unicode<\/li>\n<li>Si n\u00e9cessaire, ins\u00e9rez une ligne tout en haut et tapez les en-t\u00eates de colonnes<\/li>\n<\/ul>\n","protected":false},"excerpt":{"rendered":"<p>Solution Evitez la commande Export du menu Fichier pour r\u00e9aliser cette op\u00e9ration; proc\u00e9dez plus simplement ainsi : Dans EndNote, appliquez le style Tab Delimited S\u00e9lectionnez les r\u00e9f\u00e9rences \u00e0&hellip;<\/p>\n","protected":false},"author":83,"featured_media":3765,"comment_status":"closed","ping_status":"closed","sticky":false,"template":"template-full-width-cover.php","format":"standard","meta":{"_seopress_robots_primary_cat":"","_seopress_titles_title":"","_seopress_titles_desc":"","_seopress_robots_index":"","footnotes":""},"categories":[1,4],"tags":[18,9],"class_list":{"0":"post-202","1":"post","2":"type-post","3":"status-publish","4":"format-standard","5":"has-post-thumbnail","7":"category-endnote","8":"category-excel","9":"tag-collage","10":"tag-exportation"},"_links":{"self":[{"href":"https:\/\/people.unil.ch\/jacquelinefrey\/wp-json\/wp\/v2\/posts\/202","targetHints":{"allow":["GET"]}}],"collection":[{"href":"https:\/\/people.unil.ch\/jacquelinefrey\/wp-json\/wp\/v2\/posts"}],"about":[{"href":"https:\/\/people.unil.ch\/jacquelinefrey\/wp-json\/wp\/v2\/types\/post"}],"author":[{"embeddable":true,"href":"https:\/\/people.unil.ch\/jacquelinefrey\/wp-json\/wp\/v2\/users\/83"}],"replies":[{"embeddable":true,"href":"https:\/\/people.unil.ch\/jacquelinefrey\/wp-json\/wp\/v2\/comments?post=202"}],"version-history":[{"count":0,"href":"https:\/\/people.unil.ch\/jacquelinefrey\/wp-json\/wp\/v2\/posts\/202\/revisions"}],"wp:featuredmedia":[{"embeddable":true,"href":"https:\/\/people.unil.ch\/jacquelinefrey\/wp-json\/wp\/v2\/media\/3765"}],"wp:attachment":[{"href":"https:\/\/people.unil.ch\/jacquelinefrey\/wp-json\/wp\/v2\/media?parent=202"}],"wp:term":[{"taxonomy":"category","embeddable":true,"href":"https:\/\/people.unil.ch\/jacquelinefrey\/wp-json\/wp\/v2\/categories?post=202"},{"taxonomy":"post_tag","embeddable":true,"href":"https:\/\/people.unil.ch\/jacquelinefrey\/wp-json\/wp\/v2\/tags?post=202"}],"curies":[{"name":"wp","href":"https:\/\/api.w.org\/{rel}","templated":true}]}}