{"id":2128,"date":"2025-07-09T14:52:13","date_gmt":"2025-07-09T12:52:13","guid":{"rendered":"http:\/\/people.unil.ch\/jacquelinefrey\/?p=2128"},"modified":"2025-07-09T14:52:50","modified_gmt":"2025-07-09T12:52:50","slug":"word-365-inserer-une-table-des-encadres","status":"publish","type":"post","link":"https:\/\/people.unil.ch\/jacquelinefrey\/2025\/07\/word-365-inserer-une-table-des-encadres\/","title":{"rendered":"Word 365 &#8211; Ins\u00e9rer une table des encadr\u00e9s"},"content":{"rendered":"<p><strong>Contexte<\/strong><\/p>\n<p>Vous \u00eates en train de mettre en page votre th\u00e8se. Dans le corps du texte, vous avez encadr\u00e9 des paragraphes afin de les mettre en \u00e9vidence (\u00e0 l&rsquo;aide d&rsquo;un style perso appel\u00e9 par ex. \u00ab\u00a0Encadr\u00e9\u00a0\u00bb). Vous souhaitez pouvoir faire figurer en d\u00e9but de document une table des encadr\u00e9s. Cette table doit indiquer le num\u00e9ro de la page ainsi que le num\u00e9ro de l&rsquo;encadr\u00e9 et du chapitre.<\/p>\n<p><strong>Solution<\/strong><\/p>\n<ul>\n<li>S\u00e9lectionnez le paragraphe souhait\u00e9 (celui mis en forme \u00e0 l&rsquo;aide du style <em>Encadr\u00e9<\/em>)<\/li>\n<li>Dans l&rsquo;onglet <strong>R\u00e9f\u00e9rences<\/strong>, choisissez <strong>Ins\u00e9rer une l\u00e9gende<\/strong><\/li>\n<li>A l&rsquo;aide du bouton <strong>Nouveau texte<\/strong>, cr\u00e9ez un nouveau libell\u00e9 appel\u00e9 <strong>Encadr\u00e9<\/strong><\/li>\n<li>Cliquez sur <strong>Format<\/strong>\u00a0pour indiquer que vous souhaitez inclure le num\u00e9ro du chapitre<\/li>\n<li>Tapez la l\u00e9gende souhait\u00e9e et validez<\/li>\n<\/ul>\n<p><img alt=\"\" loading=\"lazy\" decoding=\"async\" class=\"alignnone wp-image-2132 size-full\" src=\"https:\/\/people.unil.ch\/jacquelinefrey\/files\/2016\/12\/encadre\u0301.png\" width=\"813\" height=\"196\" srcset=\"https:\/\/people.unil.ch\/jacquelinefrey\/files\/2016\/12\/encadre\u0301.png 813w, https:\/\/people.unil.ch\/jacquelinefrey\/files\/2016\/12\/encadre\u0301-300x72.png 300w, https:\/\/people.unil.ch\/jacquelinefrey\/files\/2016\/12\/encadre\u0301-768x185.png 768w, https:\/\/people.unil.ch\/jacquelinefrey\/files\/2016\/12\/encadre\u0301-624x150.png 624w\" sizes=\"auto, (max-width: 813px) 100vw, 813px\" \/><\/p>\n<ul>\n<li>Placez ensuite votre curseur \u00e0 l&rsquo;endroit o\u00f9 vous\u00a0souhaitez ins\u00e9rer la table<\/li>\n<li>Onglet <strong>R\u00e9f\u00e9rences<\/strong> &gt; bouton <strong>Ins\u00e9rer une table des illustrations<\/strong><\/li>\n<li>Choisissez \u00ab\u00a0<strong>Encadr\u00e9<\/strong>\u00a0\u00bb dans la liste des libell\u00e9s de l\u00e9gende<\/li>\n<li>Choisissez le format et validez<\/li>\n<\/ul>\n","protected":false},"excerpt":{"rendered":"<p>Contexte Vous \u00eates en train de mettre en page votre th\u00e8se. Dans le corps du texte, vous avez encadr\u00e9 des paragraphes afin de les mettre en \u00e9vidence (\u00e0&hellip;<\/p>\n","protected":false},"author":83,"featured_media":3344,"comment_status":"closed","ping_status":"closed","sticky":false,"template":"template-full-width-cover.php","format":"standard","meta":{"_seopress_robots_primary_cat":"","_seopress_titles_title":"","_seopress_titles_desc":"","_seopress_robots_index":"","footnotes":""},"categories":[72,2],"tags":[37],"class_list":{"0":"post-2128","1":"post","2":"type-post","3":"status-publish","4":"format-standard","5":"has-post-thumbnail","7":"category-office","8":"category-word","9":"tag-mise-en-forme"},"_links":{"self":[{"href":"https:\/\/people.unil.ch\/jacquelinefrey\/wp-json\/wp\/v2\/posts\/2128","targetHints":{"allow":["GET"]}}],"collection":[{"href":"https:\/\/people.unil.ch\/jacquelinefrey\/wp-json\/wp\/v2\/posts"}],"about":[{"href":"https:\/\/people.unil.ch\/jacquelinefrey\/wp-json\/wp\/v2\/types\/post"}],"author":[{"embeddable":true,"href":"https:\/\/people.unil.ch\/jacquelinefrey\/wp-json\/wp\/v2\/users\/83"}],"replies":[{"embeddable":true,"href":"https:\/\/people.unil.ch\/jacquelinefrey\/wp-json\/wp\/v2\/comments?post=2128"}],"version-history":[{"count":1,"href":"https:\/\/people.unil.ch\/jacquelinefrey\/wp-json\/wp\/v2\/posts\/2128\/revisions"}],"predecessor-version":[{"id":4708,"href":"https:\/\/people.unil.ch\/jacquelinefrey\/wp-json\/wp\/v2\/posts\/2128\/revisions\/4708"}],"wp:featuredmedia":[{"embeddable":true,"href":"https:\/\/people.unil.ch\/jacquelinefrey\/wp-json\/wp\/v2\/media\/3344"}],"wp:attachment":[{"href":"https:\/\/people.unil.ch\/jacquelinefrey\/wp-json\/wp\/v2\/media?parent=2128"}],"wp:term":[{"taxonomy":"category","embeddable":true,"href":"https:\/\/people.unil.ch\/jacquelinefrey\/wp-json\/wp\/v2\/categories?post=2128"},{"taxonomy":"post_tag","embeddable":true,"href":"https:\/\/people.unil.ch\/jacquelinefrey\/wp-json\/wp\/v2\/tags?post=2128"}],"curies":[{"name":"wp","href":"https:\/\/api.w.org\/{rel}","templated":true}]}}