{"id":2300,"date":"2018-04-17T14:10:23","date_gmt":"2018-04-17T12:10:23","guid":{"rendered":"http:\/\/people.unil.ch\/jacquelinefrey\/?p=2300"},"modified":"2022-08-10T14:51:54","modified_gmt":"2022-08-10T12:51:54","slug":"word-2016-mac-ouvrir-le-modele-normal-dotm-mode-revision-active-par-defaut","status":"publish","type":"post","link":"https:\/\/people.unil.ch\/jacquelinefrey\/2018\/04\/word-2016-mac-ouvrir-le-modele-normal-dotm-mode-revision-active-par-defaut\/","title":{"rendered":"Word &#8211; Ouvrir le mod\u00e8le Normal.dotm"},"content":{"rendered":"<h4><strong>Contexte<\/strong><\/h4>\n<p>Vous souhaitez ouvrir et apporter des modifications au mod\u00e8le Normal.dotm. Par exemple, pour une raison inconnue, Word ouvre syst\u00e9matiquement tous les documents avec le mode R\u00e9vision actif (m\u00eame les nouveaux documents vierges). Vous avez mis la main sur le mod\u00e8le Normal.dotm au fin fond de votre Mac mais apr\u00e8s plusieurs essais infructueux, vous constatez que vous ne parvenez pas \u00e0 l&rsquo;ouvrir car Word ouvre \u00e0 chaque fois un nouveau document bas\u00e9 sur le mod\u00e8le. Vous ne souhaitez pas supprimer le mod\u00e8le Normal.dotm car vous y avez apport\u00e9 des personnalisations que vous souhaitez conserver.<\/p>\n<h4><strong>Solution : ouvrir Normal.dotm depuis Word<\/strong><\/h4>\n<ul>\n<li>Ouvrez Word et fermez la fen\u00eatre de d\u00e9marrage proposant une galerie de mod\u00e8les si celle-ci est ouverte<\/li>\n<li>Allez dans le menu Fichier &gt; Ouvrir<\/li>\n<li>Cliquez sur le dossier de d\u00e9marrage (ic\u00f4ne \u00ab\u00a0Maison\u00a0\u00bb) portant habituellement votre nom afin de voir les sous-dossiers tels que Applications, Bureau, etc&#8230; le but \u00e9tant d&rsquo;atteindre le dossier \u00ab\u00a0Biblioth\u00e8que\u00a0\u00bb<\/li>\n<li>Etant donn\u00e9 que le dossier \u00ab\u00a0Biblioth\u00e8que\u00a0\u00bb est masqu\u00e9 par d\u00e9faut dans cette fen\u00eatre, appuyez sur les touches CMD + MAJ + G<\/li>\n<li>Dans la bo\u00eete de dialogue qui s&rsquo;ouvre, tapez ~\/Biblioth\u00e8que\u00a0 (le tilde s&rsquo;obtient avec ALT + N) et cliquez sur Aller<\/li>\n<\/ul>\n<p><img alt=\"\" loading=\"lazy\" decoding=\"async\" class=\"alignnone size-full wp-image-2303\" style=\"font-size: 1rem\" src=\"https:\/\/people.unil.ch\/jacquelinefrey\/files\/2018\/04\/bibliotheque.png\" alt=\"\" width=\"538\" height=\"213\" srcset=\"https:\/\/people.unil.ch\/jacquelinefrey\/files\/2018\/04\/bibliotheque.png 538w, https:\/\/people.unil.ch\/jacquelinefrey\/files\/2018\/04\/bibliotheque-300x119.png 300w\" sizes=\"auto, (max-width: 538px) 100vw, 538px\" \/><\/p>\n<ul>\n<li>Parcourez et ouvrez les dossiers Group Containers \/\u00a0UBF8T346G9.Office \/\u00a0Contenu utilisateur \/ Mod\u00e8les et finalement le fichier Normal.dotm<\/li>\n<li>Apportez les changements souhait\u00e9s; dans notre exemple, il s&rsquo;agit de d\u00e9sactiver le bouton Suivi des modifications de l&rsquo;onglet R\u00e9vision<\/li>\n<li>Sauvegardez le mod\u00e8le (CMD + S) et quittez Word<\/li>\n<li>R\u00e9-ouvrez Word de mani\u00e8re habituelle&#8230;<\/li>\n<\/ul>\n","protected":false},"excerpt":{"rendered":"<p>Contexte Vous souhaitez ouvrir et apporter des modifications au mod\u00e8le Normal.dotm. Par exemple, pour une raison inconnue, Word ouvre syst\u00e9matiquement tous les documents avec le mode R\u00e9vision actif&hellip;<\/p>\n","protected":false},"author":83,"featured_media":3517,"comment_status":"closed","ping_status":"closed","sticky":false,"template":"template-full-width-cover.php","format":"standard","meta":{"_seopress_robots_primary_cat":"","_seopress_titles_title":"","_seopress_titles_desc":"","_seopress_robots_index":"","footnotes":""},"categories":[2],"tags":[38,65],"class_list":{"0":"post-2300","1":"post","2":"type-post","3":"status-publish","4":"format-standard","5":"has-post-thumbnail","7":"category-word","8":"tag-modele","9":"tag-personnalisation"},"_links":{"self":[{"href":"https:\/\/people.unil.ch\/jacquelinefrey\/wp-json\/wp\/v2\/posts\/2300","targetHints":{"allow":["GET"]}}],"collection":[{"href":"https:\/\/people.unil.ch\/jacquelinefrey\/wp-json\/wp\/v2\/posts"}],"about":[{"href":"https:\/\/people.unil.ch\/jacquelinefrey\/wp-json\/wp\/v2\/types\/post"}],"author":[{"embeddable":true,"href":"https:\/\/people.unil.ch\/jacquelinefrey\/wp-json\/wp\/v2\/users\/83"}],"replies":[{"embeddable":true,"href":"https:\/\/people.unil.ch\/jacquelinefrey\/wp-json\/wp\/v2\/comments?post=2300"}],"version-history":[{"count":0,"href":"https:\/\/people.unil.ch\/jacquelinefrey\/wp-json\/wp\/v2\/posts\/2300\/revisions"}],"wp:featuredmedia":[{"embeddable":true,"href":"https:\/\/people.unil.ch\/jacquelinefrey\/wp-json\/wp\/v2\/media\/3517"}],"wp:attachment":[{"href":"https:\/\/people.unil.ch\/jacquelinefrey\/wp-json\/wp\/v2\/media?parent=2300"}],"wp:term":[{"taxonomy":"category","embeddable":true,"href":"https:\/\/people.unil.ch\/jacquelinefrey\/wp-json\/wp\/v2\/categories?post=2300"},{"taxonomy":"post_tag","embeddable":true,"href":"https:\/\/people.unil.ch\/jacquelinefrey\/wp-json\/wp\/v2\/tags?post=2300"}],"curies":[{"name":"wp","href":"https:\/\/api.w.org\/{rel}","templated":true}]}}