{"id":398,"date":"2014-05-27T16:32:30","date_gmt":"2014-05-27T14:32:30","guid":{"rendered":"http:\/\/people.unil.ch\/jacquelinefrey\/?p=398"},"modified":"2022-11-03T15:54:15","modified_gmt":"2022-11-03T14:54:15","slug":"excel-graphique-obtenir-un-2eme-axe","status":"publish","type":"post","link":"https:\/\/people.unil.ch\/jacquelinefrey\/2014\/05\/excel-graphique-obtenir-un-2eme-axe\/","title":{"rendered":"Excel &#8211; Afficher un 2\u00e8me axe"},"content":{"rendered":"<h4><strong>Contexte<\/strong><\/h4>\n<p>Vous avez cr\u00e9\u00e9 un graphique en colonnes (histogramme) avec plusieurs s\u00e9ries de donn\u00e9es. Vous aimeriez ajouter \u00e0 droite du graphe un 2\u00e8me axe affichant une \u00e9chelle diff\u00e9rente.<\/p>\n<h4><strong>Solution<\/strong><\/h4>\n<ul>\n<li>S\u00e9lectionnez vos donn\u00e9es et cr\u00e9ez votre graphique comme d&rsquo;habitude<\/li>\n<li>S\u00e9lectionnez dans le graphique la s\u00e9rie de donn\u00e9es pour laquelle vous souhaitez un 2\u00e8me axe<\/li>\n<li>Faites un clic droit sur la s\u00e9rie en question et choisissez la commande <em>Format de la s\u00e9rie de donn\u00e9es<\/em><\/li>\n<li>Dans le volet qui s&rsquo;affiche \u00e0 droite, choisissez <em>Axe secondaire<\/em> et validez<\/li>\n<li>Un clic sur chaque axe vous permettra de d\u00e9finir, dans le volet <em>Format de l&rsquo;axe<\/em>, leur valeur minimale, maximale ainsi que les unit\u00e9s principales et secondaires<\/li>\n<\/ul>\n","protected":false},"excerpt":{"rendered":"<p>Contexte Vous avez cr\u00e9\u00e9 un graphique en colonnes (histogramme) avec plusieurs s\u00e9ries de donn\u00e9es. Vous aimeriez ajouter \u00e0 droite du graphe un 2\u00e8me axe affichant une \u00e9chelle diff\u00e9rente.&hellip;<\/p>\n","protected":false},"author":83,"featured_media":3806,"comment_status":"closed","ping_status":"closed","sticky":false,"template":"template-full-width-cover.php","format":"standard","meta":{"_seopress_robots_primary_cat":"","_seopress_titles_title":"","_seopress_titles_desc":"","_seopress_robots_index":"","footnotes":""},"categories":[4],"tags":[48],"class_list":{"0":"post-398","1":"post","2":"type-post","3":"status-publish","4":"format-standard","5":"has-post-thumbnail","7":"category-excel","8":"tag-graphique"},"_links":{"self":[{"href":"https:\/\/people.unil.ch\/jacquelinefrey\/wp-json\/wp\/v2\/posts\/398","targetHints":{"allow":["GET"]}}],"collection":[{"href":"https:\/\/people.unil.ch\/jacquelinefrey\/wp-json\/wp\/v2\/posts"}],"about":[{"href":"https:\/\/people.unil.ch\/jacquelinefrey\/wp-json\/wp\/v2\/types\/post"}],"author":[{"embeddable":true,"href":"https:\/\/people.unil.ch\/jacquelinefrey\/wp-json\/wp\/v2\/users\/83"}],"replies":[{"embeddable":true,"href":"https:\/\/people.unil.ch\/jacquelinefrey\/wp-json\/wp\/v2\/comments?post=398"}],"version-history":[{"count":0,"href":"https:\/\/people.unil.ch\/jacquelinefrey\/wp-json\/wp\/v2\/posts\/398\/revisions"}],"wp:featuredmedia":[{"embeddable":true,"href":"https:\/\/people.unil.ch\/jacquelinefrey\/wp-json\/wp\/v2\/media\/3806"}],"wp:attachment":[{"href":"https:\/\/people.unil.ch\/jacquelinefrey\/wp-json\/wp\/v2\/media?parent=398"}],"wp:term":[{"taxonomy":"category","embeddable":true,"href":"https:\/\/people.unil.ch\/jacquelinefrey\/wp-json\/wp\/v2\/categories?post=398"},{"taxonomy":"post_tag","embeddable":true,"href":"https:\/\/people.unil.ch\/jacquelinefrey\/wp-json\/wp\/v2\/tags?post=398"}],"curies":[{"name":"wp","href":"https:\/\/api.w.org\/{rel}","templated":true}]}}