{"id":4260,"date":"2024-03-05T16:07:14","date_gmt":"2024-03-05T15:07:14","guid":{"rendered":"https:\/\/people.unil.ch\/jacquelinefrey\/?p=4260"},"modified":"2024-03-05T16:10:26","modified_gmt":"2024-03-05T15:10:26","slug":"word-365-colorer-tous-les-renvois-en-bleu","status":"publish","type":"post","link":"https:\/\/people.unil.ch\/jacquelinefrey\/2024\/03\/word-365-colorer-tous-les-renvois-en-bleu\/","title":{"rendered":"Word 365 &#8211; Colorer tous les renvois en bleu"},"content":{"rendered":"\n<h4 class=\"wp-block-heading\">Contexte<\/h4>\n\n\n\n<p>Vous souhaitez que les multiples renvois sur des num\u00e9ros de pages ins\u00e9r\u00e9s dans votre th\u00e8se apparaissent en bleu dans le texte. Bien entendu, vous souhaitez que cette couleur soit conserv\u00e9e lors de la mise \u00e0 jour des champs.<\/p>\n\n\n\n<h4 class=\"wp-block-heading\">Solution<\/h4>\n\n\n\n<ul class=\"wp-block-list\">\n<li>Placez-vous au d\u00e9but du document<\/li>\n\n\n\n<li>Affichez tous les codes de champ \u00e0 l&rsquo;aide du raccourci-clavier Option + fn + F9; vous constatez alors que les renvois sur des num\u00e9ros de page sont cod\u00e9s \u00e0 l&rsquo;aide de { PAGEREF&#8230; }<\/li>\n\n\n\n<li>Allez dans le menu Edition &gt; Rechercher &gt; Recherche avanc\u00e9e et remplacement<\/li>\n\n\n\n<li>Dans la bo\u00eete de dialogue, tapez le crit\u00e8re de recherche ci-dessous; cochez l&rsquo;option <em>Surligner tous les \u00e9l\u00e9ments trouv\u00e9s<\/em> afin que tous les codes { PAGEREF&#8230;. } soient s\u00e9lectionn\u00e9s <\/li>\n\n\n\n<li>Cliquez sur <em>Rechercher tout<\/em><\/li>\n<\/ul>\n\n\n\n<figure class=\"wp-block-image size-large\"><a href=\"https:\/\/people.unil.ch\/jacquelinefrey\/files\/2024\/03\/Capture-decran-2024-03-05-a-15.51.16.png\"><img alt=\"\" loading=\"lazy\" decoding=\"async\" width=\"1024\" height=\"504\" src=\"https:\/\/people.unil.ch\/jacquelinefrey\/files\/2024\/03\/Capture-decran-2024-03-05-a-15.51.16-1024x504.png\" alt=\"\" class=\"wp-image-4261\" srcset=\"https:\/\/people.unil.ch\/jacquelinefrey\/files\/2024\/03\/Capture-decran-2024-03-05-a-15.51.16-1024x504.png 1024w, https:\/\/people.unil.ch\/jacquelinefrey\/files\/2024\/03\/Capture-decran-2024-03-05-a-15.51.16-300x148.png 300w, https:\/\/people.unil.ch\/jacquelinefrey\/files\/2024\/03\/Capture-decran-2024-03-05-a-15.51.16-768x378.png 768w, https:\/\/people.unil.ch\/jacquelinefrey\/files\/2024\/03\/Capture-decran-2024-03-05-a-15.51.16-540x266.png 540w, https:\/\/people.unil.ch\/jacquelinefrey\/files\/2024\/03\/Capture-decran-2024-03-05-a-15.51.16-1080x532.png 1080w, https:\/\/people.unil.ch\/jacquelinefrey\/files\/2024\/03\/Capture-decran-2024-03-05-a-15.51.16.png 1178w\" sizes=\"auto, (max-width: 1024px) 100vw, 1024px\" \/><\/a><\/figure>\n\n\n\n<ul class=\"wp-block-list\">\n<li>Fermez la bo\u00eete de dialogue et ne cliquez surtout pas dans le document; en effet, cela d\u00e9s\u00e9lectionnerait la s\u00e9lection effectu\u00e9e gr\u00e2ce \u00e0 la recherche faite au point pr\u00e9c\u00e9dent<\/li>\n\n\n\n<li>A l&rsquo;aide du bouton <em>Couleur de police<\/em>, appliquez la couleur de votre choix; suite \u00e0 cela, vous \u00eates libre de cliquer dans le document<\/li>\n\n\n\n<li>Affichez les valeurs des codes de champ \u00e0 l&rsquo;aide du raccourci-clavier Option + fn + F9<\/li>\n<\/ul>\n\n\n\n<blockquote class=\"wp-block-quote is-layout-flow wp-block-quote-is-layout-flow\">\n<p>Bien entendu, si vous avez pens\u00e9 \u00e0 cr\u00e9er au pr\u00e9alable un style de caract\u00e8re  \u00ab\u00a0couleur_renvoi\u00a0\u00bb permettant de \u00ab\u00a0mettre en bleu\u00a0\u00bb, vous pourrez par la suite changer tr\u00e8s rapidement la couleur du style \u00ab\u00a0couleur_renvoi\u00a0\u00bb en une autre couleur.<\/p>\n<\/blockquote>\n","protected":false},"excerpt":{"rendered":"<p>Contexte Vous souhaitez que les multiples renvois sur des num\u00e9ros de pages ins\u00e9r\u00e9s dans votre th\u00e8se apparaissent en bleu dans le texte. Bien entendu, vous souhaitez que cette&hellip;<\/p>\n","protected":false},"author":83,"featured_media":3745,"comment_status":"closed","ping_status":"closed","sticky":false,"template":"template-full-width-cover.php","format":"standard","meta":{"_seopress_robots_primary_cat":"","_seopress_titles_title":"","_seopress_titles_desc":"","_seopress_robots_index":"","footnotes":""},"categories":[72,2],"tags":[42,37],"class_list":{"0":"post-4260","1":"post","2":"type-post","3":"status-publish","4":"format-standard","5":"has-post-thumbnail","7":"category-office","8":"category-word","9":"tag-champ","10":"tag-mise-en-forme"},"_links":{"self":[{"href":"https:\/\/people.unil.ch\/jacquelinefrey\/wp-json\/wp\/v2\/posts\/4260","targetHints":{"allow":["GET"]}}],"collection":[{"href":"https:\/\/people.unil.ch\/jacquelinefrey\/wp-json\/wp\/v2\/posts"}],"about":[{"href":"https:\/\/people.unil.ch\/jacquelinefrey\/wp-json\/wp\/v2\/types\/post"}],"author":[{"embeddable":true,"href":"https:\/\/people.unil.ch\/jacquelinefrey\/wp-json\/wp\/v2\/users\/83"}],"replies":[{"embeddable":true,"href":"https:\/\/people.unil.ch\/jacquelinefrey\/wp-json\/wp\/v2\/comments?post=4260"}],"version-history":[{"count":0,"href":"https:\/\/people.unil.ch\/jacquelinefrey\/wp-json\/wp\/v2\/posts\/4260\/revisions"}],"wp:featuredmedia":[{"embeddable":true,"href":"https:\/\/people.unil.ch\/jacquelinefrey\/wp-json\/wp\/v2\/media\/3745"}],"wp:attachment":[{"href":"https:\/\/people.unil.ch\/jacquelinefrey\/wp-json\/wp\/v2\/media?parent=4260"}],"wp:term":[{"taxonomy":"category","embeddable":true,"href":"https:\/\/people.unil.ch\/jacquelinefrey\/wp-json\/wp\/v2\/categories?post=4260"},{"taxonomy":"post_tag","embeddable":true,"href":"https:\/\/people.unil.ch\/jacquelinefrey\/wp-json\/wp\/v2\/tags?post=4260"}],"curies":[{"name":"wp","href":"https:\/\/api.w.org\/{rel}","templated":true}]}}