{"id":4290,"date":"2024-11-19T13:47:03","date_gmt":"2024-11-19T12:47:03","guid":{"rendered":"https:\/\/people.unil.ch\/jacquelinefrey\/?p=4290"},"modified":"2024-11-19T13:52:47","modified_gmt":"2024-11-19T12:52:47","slug":"outlook-mac-afficher-plusieurs-calendriers","status":"publish","type":"post","link":"https:\/\/people.unil.ch\/jacquelinefrey\/2024\/11\/outlook-mac-afficher-plusieurs-calendriers\/","title":{"rendered":"Outlook Mac &#8211; Afficher plusieurs calendriers"},"content":{"rendered":"\n<h3 class=\"wp-block-heading\">Contexte<\/h3>\n\n\n\n<p>Vous disposez de plusieurs calendriers professionnels ou priv\u00e9s. Vous souhaitez pouvoir les afficher afin de v\u00e9rifier si des rendez-vous ne seraient pas en conflit. Par d\u00e9faut, les calendriers ouverts sont affich\u00e9s de mani\u00e8re Superpos\u00e9e. <\/p>\n\n\n\n<h3 class=\"wp-block-heading\">Solution<\/h3>\n\n\n\n<p>Pour afficher les calendriers c\u00f4te \u00e0 c\u00f4te :<\/p>\n\n\n\n<ul class=\"wp-block-list\">\n<li>Choisissez une vue \u00ab\u00a0Trois jours\u00a0\u00bb, \u00ab\u00a0Semaine\u00a0\u00bb ou \u00ab\u00a0Semaine de travail\u00a0\u00bb (tout sauf \u00ab\u00a0Mois\u00a0\u00bb)<\/li>\n\n\n\n<li>Ouvrez le menu <em>Affichage<\/em> &gt; commande <em>Superposition<\/em>; si la commande <em>Superposition<\/em> est gris\u00e9e c&rsquo;est que trop de calendriers sont ouverts (&gt; 5)<\/li>\n\n\n\n<li>Cliquez sur les petites fl\u00e8ches situ\u00e9es sur les onglets des calendriers pour basculer de la vue <em>Superposition<\/em> \u00e0 <em>C\u00f4te \u00e0 C\u00f4te<\/em><\/li>\n<\/ul>\n\n\n\n<blockquote class=\"wp-block-quote is-layout-flow wp-block-quote-is-layout-flow\">\n<p>Dans le cas o\u00f9 vous poss\u00e9dez plusieurs comptes et plusieurs profils, l\u2019affichage de calendriers superpos\u00e9s ou c\u00f4te \u00e0 c\u00f4te provenant de comptes professionnels ou priv\u00e9s est possible pour autant que l\u2019option <em>Afficher tous les comptes dans la barre lat\u00e9rale<\/em> <em>du calendrier<\/em> soit coch\u00e9e dans les <em>Pr\u00e9f\u00e9rences<\/em> &gt; cat\u00e9gorie <em>Profils<\/em>.<\/p>\n<\/blockquote>\n\n\n\n<p><\/p>\n","protected":false},"excerpt":{"rendered":"<p>Contexte Vous disposez de plusieurs calendriers professionnels ou priv\u00e9s. Vous souhaitez pouvoir les afficher afin de v\u00e9rifier si des rendez-vous ne seraient pas en conflit. Par d\u00e9faut, les&hellip;<\/p>\n","protected":false},"author":83,"featured_media":4074,"comment_status":"closed","ping_status":"closed","sticky":false,"template":"template-full-width-cover.php","format":"standard","meta":{"_seopress_robots_primary_cat":"","_seopress_titles_title":"","_seopress_titles_desc":"","_seopress_robots_index":"","footnotes":""},"categories":[57],"tags":[23],"class_list":{"0":"post-4290","1":"post","2":"type-post","3":"status-publish","4":"format-standard","5":"has-post-thumbnail","7":"category-outlook","8":"tag-outil"},"_links":{"self":[{"href":"https:\/\/people.unil.ch\/jacquelinefrey\/wp-json\/wp\/v2\/posts\/4290","targetHints":{"allow":["GET"]}}],"collection":[{"href":"https:\/\/people.unil.ch\/jacquelinefrey\/wp-json\/wp\/v2\/posts"}],"about":[{"href":"https:\/\/people.unil.ch\/jacquelinefrey\/wp-json\/wp\/v2\/types\/post"}],"author":[{"embeddable":true,"href":"https:\/\/people.unil.ch\/jacquelinefrey\/wp-json\/wp\/v2\/users\/83"}],"replies":[{"embeddable":true,"href":"https:\/\/people.unil.ch\/jacquelinefrey\/wp-json\/wp\/v2\/comments?post=4290"}],"version-history":[{"count":3,"href":"https:\/\/people.unil.ch\/jacquelinefrey\/wp-json\/wp\/v2\/posts\/4290\/revisions"}],"predecessor-version":[{"id":4293,"href":"https:\/\/people.unil.ch\/jacquelinefrey\/wp-json\/wp\/v2\/posts\/4290\/revisions\/4293"}],"wp:featuredmedia":[{"embeddable":true,"href":"https:\/\/people.unil.ch\/jacquelinefrey\/wp-json\/wp\/v2\/media\/4074"}],"wp:attachment":[{"href":"https:\/\/people.unil.ch\/jacquelinefrey\/wp-json\/wp\/v2\/media?parent=4290"}],"wp:term":[{"taxonomy":"category","embeddable":true,"href":"https:\/\/people.unil.ch\/jacquelinefrey\/wp-json\/wp\/v2\/categories?post=4290"},{"taxonomy":"post_tag","embeddable":true,"href":"https:\/\/people.unil.ch\/jacquelinefrey\/wp-json\/wp\/v2\/tags?post=4290"}],"curies":[{"name":"wp","href":"https:\/\/api.w.org\/{rel}","templated":true}]}}