{"id":481,"date":"2025-08-15T12:05:09","date_gmt":"2025-08-15T10:05:09","guid":{"rendered":"http:\/\/people.unil.ch\/jacquelinefrey\/?p=481"},"modified":"2025-08-15T12:05:49","modified_gmt":"2025-08-15T10:05:49","slug":"word-365-creer-un-plan-avec-une-table-des-matieres","status":"publish","type":"post","link":"https:\/\/people.unil.ch\/jacquelinefrey\/2025\/08\/word-365-creer-un-plan-avec-une-table-des-matieres\/","title":{"rendered":"Word 365 &#8211; Cr\u00e9er un plan avec une table des mati\u00e8res"},"content":{"rendered":"<h4><strong>Contexte<\/strong><\/h4>\n<p>Vous avez ins\u00e9r\u00e9 une table des mati\u00e8res dans votre long document et vous aimeriez en disposer dans un autre document, de mani\u00e8re \u00e0 pouvoir r\u00e9cup\u00e9rer \/ \u00e9diter \/ imprimer \/ envoyer le plan de votre document.<\/p>\n<h4><strong>Solution<\/strong><\/h4>\n<ul>\n<li>S\u00e9lectionnez la table des mati\u00e8res et copiez-la (Cmd + C)<\/li>\n<li>Cr\u00e9ez un nouveau document (Cmd + N) et collez la table (Cmd + V)<\/li>\n<li>Cliquez n&rsquo;importe o\u00f9 sur la copie de la table et appuyez sur les touches Cmd + Maj + F9 (sur portable Cmd + fn + Maj + F9)<\/li>\n<\/ul>\n<p>* un collage en texte brut ne donnerait pas un r\u00e9sultat aussi satisfaisant<\/p>\n","protected":false},"excerpt":{"rendered":"<p>Contexte Vous avez ins\u00e9r\u00e9 une table des mati\u00e8res dans votre long document et vous aimeriez en disposer dans un autre document, de mani\u00e8re \u00e0 pouvoir r\u00e9cup\u00e9rer \/ \u00e9diter&hellip;<\/p>\n","protected":false},"author":83,"featured_media":3745,"comment_status":"closed","ping_status":"closed","sticky":false,"template":"template-full-width-cover.php","format":"standard","meta":{"_seopress_robots_primary_cat":"","_seopress_titles_title":"","_seopress_titles_desc":"","_seopress_robots_index":"","footnotes":""},"categories":[72,2],"tags":[42,18,12],"class_list":{"0":"post-481","1":"post","2":"type-post","3":"status-publish","4":"format-standard","5":"has-post-thumbnail","7":"category-office","8":"category-word","9":"tag-champ","10":"tag-collage","11":"tag-table"},"_links":{"self":[{"href":"https:\/\/people.unil.ch\/jacquelinefrey\/wp-json\/wp\/v2\/posts\/481","targetHints":{"allow":["GET"]}}],"collection":[{"href":"https:\/\/people.unil.ch\/jacquelinefrey\/wp-json\/wp\/v2\/posts"}],"about":[{"href":"https:\/\/people.unil.ch\/jacquelinefrey\/wp-json\/wp\/v2\/types\/post"}],"author":[{"embeddable":true,"href":"https:\/\/people.unil.ch\/jacquelinefrey\/wp-json\/wp\/v2\/users\/83"}],"replies":[{"embeddable":true,"href":"https:\/\/people.unil.ch\/jacquelinefrey\/wp-json\/wp\/v2\/comments?post=481"}],"version-history":[{"count":2,"href":"https:\/\/people.unil.ch\/jacquelinefrey\/wp-json\/wp\/v2\/posts\/481\/revisions"}],"predecessor-version":[{"id":4816,"href":"https:\/\/people.unil.ch\/jacquelinefrey\/wp-json\/wp\/v2\/posts\/481\/revisions\/4816"}],"wp:featuredmedia":[{"embeddable":true,"href":"https:\/\/people.unil.ch\/jacquelinefrey\/wp-json\/wp\/v2\/media\/3745"}],"wp:attachment":[{"href":"https:\/\/people.unil.ch\/jacquelinefrey\/wp-json\/wp\/v2\/media?parent=481"}],"wp:term":[{"taxonomy":"category","embeddable":true,"href":"https:\/\/people.unil.ch\/jacquelinefrey\/wp-json\/wp\/v2\/categories?post=481"},{"taxonomy":"post_tag","embeddable":true,"href":"https:\/\/people.unil.ch\/jacquelinefrey\/wp-json\/wp\/v2\/tags?post=481"}],"curies":[{"name":"wp","href":"https:\/\/api.w.org\/{rel}","templated":true}]}}