{"id":461,"date":"2026-08-28T11:39:05","date_gmt":"2026-08-28T09:39:05","guid":{"rendered":"https:\/\/people.unil.ch\/monikasalzbrunn\/?p=461"},"modified":"2026-08-28T11:41:44","modified_gmt":"2026-08-28T09:41:44","slug":"research-seminar-at-la-sapienza-university-rome","status":"publish","type":"post","link":"https:\/\/people.unil.ch\/monikasalzbrunn\/2026\/08\/research-seminar-at-la-sapienza-university-rome\/","title":{"rendered":"Invitation to La Sapienza University Rome"},"content":{"rendered":"\n<p class=\"wp-block-paragraph\">Monika Salzbrunn was invited to present her research on &#8220;Artivismo \u2013 arte e attivismo. Creativit\u00e0 e performance come forme sovversive di espressione politica nelle citt\u00e0 super-diversificate. Metodi, risultati e suite del progetto ERC ARTIVISM&#8221; at the Sapienza Universit\u00e0 di Roma, Dipartimento di Scienze Sociali e Economiche. 15.1.26<\/p>\n","protected":false},"excerpt":{"rendered":"<p>Monika Salzbrunn was invited to present her research on &#8220;Artivismo \u2013 arte e attivismo. Creativit\u00e0 e performance come forme sovversive di espressione politica nelle citt\u00e0 super-diversificate. Metodi, risultati e suite del progetto ERC ARTIVISM&#8221; at the Sapienza Universit\u00e0 di Roma, Dipartimento di Scienze Sociali e Economiche. 15.1.26<\/p>\n","protected":false},"author":1001007,"featured_media":0,"comment_status":"closed","ping_status":"closed","sticky":false,"template":"","format":"standard","meta":{"_seopress_titles_title":"","_seopress_titles_desc":"","_seopress_robots_index":"","_seopress_robots_follow":"","_seopress_robots_imageindex":"","_seopress_robots_snippet":"","_seopress_robots_primary_cat":"2","_seopress_robots_breadcrumbs":"","_seopress_robots_freeze_modified_date":"","_seopress_robots_custom_modified_date":"","_seopress_robots_canonical":"","_seopress_social_fb_title":"","_seopress_social_fb_desc":"","_seopress_social_fb_img":"","_seopress_social_fb_img_attachment_id":0,"_seopress_social_fb_img_width":0,"_seopress_social_fb_img_height":0,"_seopress_social_twitter_title":"","_seopress_social_twitter_desc":"","_seopress_social_twitter_img":"","_seopress_social_twitter_img_attachment_id":0,"_seopress_social_twitter_img_width":0,"_seopress_social_twitter_img_height":0,"_seopress_redirections_value":"","_seopress_redirections_enabled":"","_seopress_redirections_enabled_regex":"","_seopress_redirections_logged_status":"","_seopress_redirections_param":"","_seopress_redirections_type":0,"_seopress_analysis_target_kw":"","_seopress_news_disabled":"","_seopress_video_disabled":"","_seopress_video":[],"_seopress_pro_schemas_manual":[],"_seopress_pro_rich_snippets_disable_all":"","_seopress_pro_rich_snippets_disable":[],"_seopress_pro_schemas":[],"footnotes":""},"categories":[2],"tags":[16,23,24],"class_list":["post-461","post","type-post","status-publish","format-standard","category-news","tag-art-music-theatre","tag-salzbrunn","tag-unil"],"_links":{"self":[{"href":"https:\/\/people.unil.ch\/monikasalzbrunn\/wp-json\/wp\/v2\/posts\/461","targetHints":{"allow":["GET"]}}],"collection":[{"href":"https:\/\/people.unil.ch\/monikasalzbrunn\/wp-json\/wp\/v2\/posts"}],"about":[{"href":"https:\/\/people.unil.ch\/monikasalzbrunn\/wp-json\/wp\/v2\/types\/post"}],"author":[{"embeddable":true,"href":"https:\/\/people.unil.ch\/monikasalzbrunn\/wp-json\/wp\/v2\/users\/1001007"}],"replies":[{"embeddable":true,"href":"https:\/\/people.unil.ch\/monikasalzbrunn\/wp-json\/wp\/v2\/comments?post=461"}],"version-history":[{"count":3,"href":"https:\/\/people.unil.ch\/monikasalzbrunn\/wp-json\/wp\/v2\/posts\/461\/revisions"}],"predecessor-version":[{"id":466,"href":"https:\/\/people.unil.ch\/monikasalzbrunn\/wp-json\/wp\/v2\/posts\/461\/revisions\/466"}],"wp:attachment":[{"href":"https:\/\/people.unil.ch\/monikasalzbrunn\/wp-json\/wp\/v2\/media?parent=461"}],"wp:term":[{"taxonomy":"category","embeddable":true,"href":"https:\/\/people.unil.ch\/monikasalzbrunn\/wp-json\/wp\/v2\/categories?post=461"},{"taxonomy":"post_tag","embeddable":true,"href":"https:\/\/people.unil.ch\/monikasalzbrunn\/wp-json\/wp\/v2\/tags?post=461"}],"curies":[{"name":"wp","href":"https:\/\/api.w.org\/{rel}","templated":true}]}}